{"id":613,"date":"2021-08-20T22:33:59","date_gmt":"2021-08-20T20:33:59","guid":{"rendered":"http:\/\/corinne-palomino.com\/?p=613"},"modified":"2021-08-21T18:04:16","modified_gmt":"2021-08-21T16:04:16","slug":"vos-vacances-avec-un-expert","status":"publish","type":"post","link":"https:\/\/corinne-palomino.com\/index.php\/2021\/08\/20\/vos-vacances-avec-un-expert\/","title":{"rendered":"Pr\u00e9parez vos prochaines vacances avec un expert !"},"content":{"rendered":"\t\t<div data-elementor-type=\"wp-post\" data-elementor-id=\"613\" class=\"elementor elementor-613\" data-elementor-settings=\"[]\">\n\t\t\t\t\t\t\t<div class=\"elementor-section-wrap\">\n\t\t\t\t\t\t\t<section class=\"elementor-section elementor-top-section elementor-element elementor-element-2f109046 elementor-section-boxed elementor-section-height-default elementor-section-height-default\" data-id=\"2f109046\" data-element_type=\"section\">\n\t\t\t\t\t\t<div class=\"elementor-container elementor-column-gap-default\">\n\t\t\t\t\t<div class=\"elementor-column elementor-col-100 elementor-top-column elementor-element elementor-element-7bd5464\" data-id=\"7bd5464\" data-element_type=\"column\">\n\t\t\t<div class=\"elementor-widget-wrap elementor-element-populated\">\n\t\t\t\t\t\t\t\t<div class=\"elementor-element elementor-element-72e887b7 elementor-widget elementor-widget-heading\" data-id=\"72e887b7\" data-element_type=\"widget\" data-widget_type=\"heading.default\">\n\t\t\t\t<div class=\"elementor-widget-container\">\n\t\t\t<h5 class=\"elementor-heading-title elementor-size-default\">Pr\u00e9parez vos prochaines vacances avec un expert !<\/h5>\t\t<\/div>\n\t\t\t\t<\/div>\n\t\t\t\t<div class=\"elementor-element elementor-element-7c1541fc elementor-widget elementor-widget-text-editor\" data-id=\"7c1541fc\" data-element_type=\"widget\" data-widget_type=\"text-editor.default\">\n\t\t\t\t<div class=\"elementor-widget-container\">\n\t\t\t\t\t\t\t\t<p>Parrainage m\u00e9t\u00e9o France 3 &#8211; D\u00e9cembre 2020<\/p>\t\t\t\t\t\t<\/div>\n\t\t\t\t<\/div>\n\t\t\t\t<div class=\"elementor-element elementor-element-4f949fc3 elementor-widget elementor-widget-spacer\" data-id=\"4f949fc3\" data-element_type=\"widget\" data-widget_type=\"spacer.default\">\n\t\t\t\t<div class=\"elementor-widget-container\">\n\t\t\t\t\t<div class=\"elementor-spacer\">\n\t\t\t<div class=\"elementor-spacer-inner\"><\/div>\n\t\t<\/div>\n\t\t\t\t<\/div>\n\t\t\t\t<\/div>\n\t\t\t\t<div class=\"elementor-element elementor-element-531f9a3b elementor-widget elementor-widget-text-editor\" data-id=\"531f9a3b\" data-element_type=\"widget\" data-widget_type=\"text-editor.default\">\n\t\t\t\t<div class=\"elementor-widget-container\">\n\t\t\t\t\t\t\t\t<p>Pr\u00e9sence TV sur 24 \u00e9ditions r\u00e9gionales avant le journal 19\/20.<\/p><p>Audience : 12 millions de personnes par semaine.<\/p><p>D\u00e9clinaison de la vid\u00e9o pour diffusion sur les r\u00e9seaux sociaux et dans les points de ventes.<\/p><p><iframe loading=\"lazy\" title=\"Pr\u00e9parez vos prochaines vacances avec un expert ! (version parrainage m\u00e9t\u00e9o France 3)\" width=\"580\" height=\"326\" src=\"https:\/\/www.youtube.com\/embed\/1plsPhbXwe0?feature=oembed\" frameborder=\"0\" allow=\"accelerometer; autoplay; clipboard-write; encrypted-media; gyroscope; picture-in-picture; web-share\" allowfullscreen><\/iframe><\/p>\t\t\t\t\t\t<\/div>\n\t\t\t\t<\/div>\n\t\t\t\t\t<\/div>\n\t\t<\/div>\n\t\t\t\t\t\t\t<\/div>\n\t\t<\/section>\n\t\t\t\t\t\t<\/div>\n\t\t\t\t\t<\/div>\n\t\t","protected":false},"excerpt":{"rendered":"<p>Pr\u00e9parez vos prochaines vacances avec un expert ! Parrainage m\u00e9t\u00e9o France 3 &#8211; D\u00e9cembre 2020 Pr\u00e9sence TV sur 24 \u00e9ditions r\u00e9gionales avant le journal 19\/20. Audience : 12 millions de personnes par semaine. D\u00e9clinaison de la vid\u00e9o pour diffusion sur les r\u00e9seaux sociaux et dans les points de ventes.<\/p>\n","protected":false},"author":1,"featured_media":0,"comment_status":"open","ping_status":"open","sticky":false,"template":"elementor_canvas","format":"standard","meta":{"_vp_format_video_url":"","_vp_image_focal_point":[],"_vp_format_audio_url":"","_vp_custom_thumbnail":0,"_vp_hover_thumbnail":0,"_vp_hover_thumbnail_focal_point":[]},"categories":[1],"tags":[],"yoast_head":"<!-- This site is optimized with the Yoast SEO plugin v17.3 - https:\/\/yoast.com\/wordpress\/plugins\/seo\/ -->\n<title>Pr\u00e9parez vos prochaines vacances avec un expert ! - Responsable communication cr\u00e9ative et polyvalente<\/title>\n<meta name=\"robots\" content=\"noindex, follow\" \/>\n<meta property=\"og:locale\" content=\"fr_FR\" \/>\n<meta property=\"og:type\" content=\"article\" \/>\n<meta property=\"og:title\" content=\"Pr\u00e9parez vos prochaines vacances avec un expert ! - Responsable communication cr\u00e9ative et polyvalente\" \/>\n<meta property=\"og:description\" content=\"Pr\u00e9parez vos prochaines vacances avec un expert ! Parrainage m\u00e9t\u00e9o France 3 &#8211; D\u00e9cembre 2020 Pr\u00e9sence TV sur 24 \u00e9ditions r\u00e9gionales avant le journal 19\/20. Audience : 12 millions de personnes par semaine. D\u00e9clinaison de la vid\u00e9o pour diffusion sur les r\u00e9seaux sociaux et dans les points de ventes.\" \/>\n<meta property=\"og:url\" content=\"https:\/\/corinne-palomino.com\/index.php\/2021\/08\/20\/vos-vacances-avec-un-expert\/\" \/>\n<meta property=\"og:site_name\" content=\"Responsable communication cr\u00e9ative et polyvalente\" \/>\n<meta property=\"article:published_time\" content=\"2021-08-20T20:33:59+00:00\" \/>\n<meta property=\"article:modified_time\" content=\"2021-08-21T16:04:16+00:00\" \/>\n<meta name=\"twitter:card\" content=\"summary_large_image\" \/>\n<meta name=\"twitter:label1\" content=\"\u00c9crit par\" \/>\n\t<meta name=\"twitter:data1\" content=\"Corinne Palomino\" \/>\n<script type=\"application\/ld+json\" class=\"yoast-schema-graph\">{\"@context\":\"https:\/\/schema.org\",\"@graph\":[{\"@type\":\"WebSite\",\"@id\":\"https:\/\/corinne-palomino.com\/#website\",\"url\":\"https:\/\/corinne-palomino.com\/\",\"name\":\"Responsable communication cr\\u00e9ative et polyvalente - Corinne Palomino\",\"description\":\"CV de Corinne Palomino, Responsable communication en recherche de nouvelles opportunit\\u00e9s\",\"publisher\":{\"@id\":\"https:\/\/corinne-palomino.com\/#\/schema\/person\/a6c6adc8d69587dce545736d0659acdf\"},\"potentialAction\":[{\"@type\":\"SearchAction\",\"target\":{\"@type\":\"EntryPoint\",\"urlTemplate\":\"https:\/\/corinne-palomino.com\/?s={search_term_string}\"},\"query-input\":\"required name=search_term_string\"}],\"inLanguage\":\"fr-FR\"},{\"@type\":\"WebPage\",\"@id\":\"https:\/\/corinne-palomino.com\/index.php\/2021\/08\/20\/vos-vacances-avec-un-expert\/#webpage\",\"url\":\"https:\/\/corinne-palomino.com\/index.php\/2021\/08\/20\/vos-vacances-avec-un-expert\/\",\"name\":\"Pr\\u00e9parez vos prochaines vacances avec un expert ! - Responsable communication cr\\u00e9ative et polyvalente\",\"isPartOf\":{\"@id\":\"https:\/\/corinne-palomino.com\/#website\"},\"datePublished\":\"2021-08-20T20:33:59+00:00\",\"dateModified\":\"2021-08-21T16:04:16+00:00\",\"breadcrumb\":{\"@id\":\"https:\/\/corinne-palomino.com\/index.php\/2021\/08\/20\/vos-vacances-avec-un-expert\/#breadcrumb\"},\"inLanguage\":\"fr-FR\",\"potentialAction\":[{\"@type\":\"ReadAction\",\"target\":[\"https:\/\/corinne-palomino.com\/index.php\/2021\/08\/20\/vos-vacances-avec-un-expert\/\"]}]},{\"@type\":\"BreadcrumbList\",\"@id\":\"https:\/\/corinne-palomino.com\/index.php\/2021\/08\/20\/vos-vacances-avec-un-expert\/#breadcrumb\",\"itemListElement\":[{\"@type\":\"ListItem\",\"position\":1,\"name\":\"Accueil\",\"item\":\"https:\/\/corinne-palomino.com\/\"},{\"@type\":\"ListItem\",\"position\":2,\"name\":\"Pr\\u00e9parez vos prochaines vacances avec un expert !\"}]},{\"@type\":\"Article\",\"@id\":\"https:\/\/corinne-palomino.com\/index.php\/2021\/08\/20\/vos-vacances-avec-un-expert\/#article\",\"isPartOf\":{\"@id\":\"https:\/\/corinne-palomino.com\/index.php\/2021\/08\/20\/vos-vacances-avec-un-expert\/#webpage\"},\"author\":{\"@id\":\"https:\/\/corinne-palomino.com\/#\/schema\/person\/a6c6adc8d69587dce545736d0659acdf\"},\"headline\":\"Pr\\u00e9parez vos prochaines vacances avec un expert !\",\"datePublished\":\"2021-08-20T20:33:59+00:00\",\"dateModified\":\"2021-08-21T16:04:16+00:00\",\"mainEntityOfPage\":{\"@id\":\"https:\/\/corinne-palomino.com\/index.php\/2021\/08\/20\/vos-vacances-avec-un-expert\/#webpage\"},\"wordCount\":66,\"commentCount\":0,\"publisher\":{\"@id\":\"https:\/\/corinne-palomino.com\/#\/schema\/person\/a6c6adc8d69587dce545736d0659acdf\"},\"inLanguage\":\"fr-FR\",\"potentialAction\":[{\"@type\":\"CommentAction\",\"name\":\"Comment\",\"target\":[\"https:\/\/corinne-palomino.com\/index.php\/2021\/08\/20\/vos-vacances-avec-un-expert\/#respond\"]}]},{\"@type\":[\"Person\",\"Organization\"],\"@id\":\"https:\/\/corinne-palomino.com\/#\/schema\/person\/a6c6adc8d69587dce545736d0659acdf\",\"name\":\"Corinne Palomino\",\"image\":{\"@type\":\"ImageObject\",\"@id\":\"https:\/\/corinne-palomino.com\/#personlogo\",\"inLanguage\":\"fr-FR\",\"url\":\"https:\/\/corinne-palomino.com\/wp-content\/uploads\/2021\/08\/corinne.jpg\",\"contentUrl\":\"https:\/\/corinne-palomino.com\/wp-content\/uploads\/2021\/08\/corinne.jpg\",\"width\":768,\"height\":777,\"caption\":\"Corinne Palomino\"},\"logo\":{\"@id\":\"https:\/\/corinne-palomino.com\/#personlogo\"},\"sameAs\":[\"http:\/\/corinne-palomino.com\"]}]}<\/script>\n<!-- \/ Yoast SEO plugin. -->","yoast_head_json":{"title":"Pr\u00e9parez vos prochaines vacances avec un expert ! - Responsable communication cr\u00e9ative et polyvalente","robots":{"index":"noindex","follow":"follow"},"og_locale":"fr_FR","og_type":"article","og_title":"Pr\u00e9parez vos prochaines vacances avec un expert ! - Responsable communication cr\u00e9ative et polyvalente","og_description":"Pr\u00e9parez vos prochaines vacances avec un expert ! Parrainage m\u00e9t\u00e9o France 3 &#8211; D\u00e9cembre 2020 Pr\u00e9sence TV sur 24 \u00e9ditions r\u00e9gionales avant le journal 19\/20. Audience : 12 millions de personnes par semaine. D\u00e9clinaison de la vid\u00e9o pour diffusion sur les r\u00e9seaux sociaux et dans les points de ventes.","og_url":"https:\/\/corinne-palomino.com\/index.php\/2021\/08\/20\/vos-vacances-avec-un-expert\/","og_site_name":"Responsable communication cr\u00e9ative et polyvalente","article_published_time":"2021-08-20T20:33:59+00:00","article_modified_time":"2021-08-21T16:04:16+00:00","twitter_card":"summary_large_image","twitter_misc":{"\u00c9crit par":"Corinne Palomino"},"schema":{"@context":"https:\/\/schema.org","@graph":[{"@type":"WebSite","@id":"https:\/\/corinne-palomino.com\/#website","url":"https:\/\/corinne-palomino.com\/","name":"Responsable communication cr\u00e9ative et polyvalente - Corinne Palomino","description":"CV de Corinne Palomino, Responsable communication en recherche de nouvelles opportunit\u00e9s","publisher":{"@id":"https:\/\/corinne-palomino.com\/#\/schema\/person\/a6c6adc8d69587dce545736d0659acdf"},"potentialAction":[{"@type":"SearchAction","target":{"@type":"EntryPoint","urlTemplate":"https:\/\/corinne-palomino.com\/?s={search_term_string}"},"query-input":"required name=search_term_string"}],"inLanguage":"fr-FR"},{"@type":"WebPage","@id":"https:\/\/corinne-palomino.com\/index.php\/2021\/08\/20\/vos-vacances-avec-un-expert\/#webpage","url":"https:\/\/corinne-palomino.com\/index.php\/2021\/08\/20\/vos-vacances-avec-un-expert\/","name":"Pr\u00e9parez vos prochaines vacances avec un expert ! - Responsable communication cr\u00e9ative et polyvalente","isPartOf":{"@id":"https:\/\/corinne-palomino.com\/#website"},"datePublished":"2021-08-20T20:33:59+00:00","dateModified":"2021-08-21T16:04:16+00:00","breadcrumb":{"@id":"https:\/\/corinne-palomino.com\/index.php\/2021\/08\/20\/vos-vacances-avec-un-expert\/#breadcrumb"},"inLanguage":"fr-FR","potentialAction":[{"@type":"ReadAction","target":["https:\/\/corinne-palomino.com\/index.php\/2021\/08\/20\/vos-vacances-avec-un-expert\/"]}]},{"@type":"BreadcrumbList","@id":"https:\/\/corinne-palomino.com\/index.php\/2021\/08\/20\/vos-vacances-avec-un-expert\/#breadcrumb","itemListElement":[{"@type":"ListItem","position":1,"name":"Accueil","item":"https:\/\/corinne-palomino.com\/"},{"@type":"ListItem","position":2,"name":"Pr\u00e9parez vos prochaines vacances avec un expert !"}]},{"@type":"Article","@id":"https:\/\/corinne-palomino.com\/index.php\/2021\/08\/20\/vos-vacances-avec-un-expert\/#article","isPartOf":{"@id":"https:\/\/corinne-palomino.com\/index.php\/2021\/08\/20\/vos-vacances-avec-un-expert\/#webpage"},"author":{"@id":"https:\/\/corinne-palomino.com\/#\/schema\/person\/a6c6adc8d69587dce545736d0659acdf"},"headline":"Pr\u00e9parez vos prochaines vacances avec un expert !","datePublished":"2021-08-20T20:33:59+00:00","dateModified":"2021-08-21T16:04:16+00:00","mainEntityOfPage":{"@id":"https:\/\/corinne-palomino.com\/index.php\/2021\/08\/20\/vos-vacances-avec-un-expert\/#webpage"},"wordCount":66,"commentCount":0,"publisher":{"@id":"https:\/\/corinne-palomino.com\/#\/schema\/person\/a6c6adc8d69587dce545736d0659acdf"},"inLanguage":"fr-FR","potentialAction":[{"@type":"CommentAction","name":"Comment","target":["https:\/\/corinne-palomino.com\/index.php\/2021\/08\/20\/vos-vacances-avec-un-expert\/#respond"]}]},{"@type":["Person","Organization"],"@id":"https:\/\/corinne-palomino.com\/#\/schema\/person\/a6c6adc8d69587dce545736d0659acdf","name":"Corinne Palomino","image":{"@type":"ImageObject","@id":"https:\/\/corinne-palomino.com\/#personlogo","inLanguage":"fr-FR","url":"https:\/\/corinne-palomino.com\/wp-content\/uploads\/2021\/08\/corinne.jpg","contentUrl":"https:\/\/corinne-palomino.com\/wp-content\/uploads\/2021\/08\/corinne.jpg","width":768,"height":777,"caption":"Corinne Palomino"},"logo":{"@id":"https:\/\/corinne-palomino.com\/#personlogo"},"sameAs":["http:\/\/corinne-palomino.com"]}]}},"_links":{"self":[{"href":"https:\/\/corinne-palomino.com\/index.php\/wp-json\/wp\/v2\/posts\/613"}],"collection":[{"href":"https:\/\/corinne-palomino.com\/index.php\/wp-json\/wp\/v2\/posts"}],"about":[{"href":"https:\/\/corinne-palomino.com\/index.php\/wp-json\/wp\/v2\/types\/post"}],"author":[{"embeddable":true,"href":"https:\/\/corinne-palomino.com\/index.php\/wp-json\/wp\/v2\/users\/1"}],"replies":[{"embeddable":true,"href":"https:\/\/corinne-palomino.com\/index.php\/wp-json\/wp\/v2\/comments?post=613"}],"version-history":[{"count":13,"href":"https:\/\/corinne-palomino.com\/index.php\/wp-json\/wp\/v2\/posts\/613\/revisions"}],"predecessor-version":[{"id":1653,"href":"https:\/\/corinne-palomino.com\/index.php\/wp-json\/wp\/v2\/posts\/613\/revisions\/1653"}],"wp:attachment":[{"href":"https:\/\/corinne-palomino.com\/index.php\/wp-json\/wp\/v2\/media?parent=613"}],"wp:term":[{"taxonomy":"category","embeddable":true,"href":"https:\/\/corinne-palomino.com\/index.php\/wp-json\/wp\/v2\/categories?post=613"},{"taxonomy":"post_tag","embeddable":true,"href":"https:\/\/corinne-palomino.com\/index.php\/wp-json\/wp\/v2\/tags?post=613"}],"curies":[{"name":"wp","href":"https:\/\/api.w.org\/{rel}","templated":true}]}}